{"id":5365,"date":"2026-05-01T17:55:11","date_gmt":"2026-05-01T17:55:11","guid":{"rendered":"https:\/\/www.autocrossteam.ch\/?p=5365"},"modified":"2026-05-01T17:57:42","modified_gmt":"2026-05-01T17:57:42","slug":"autocross-swiss-racing-team-saisonstart-mit-heimvorteil-in-hoch-ybrig","status":"publish","type":"post","link":"https:\/\/www.autocrossteam.ch\/?p=5365","title":{"rendered":"Autocross Swiss Racing Team: Saisonstart mit Heimvorteil im Hoch-Ybrig"},"content":{"rendered":"\n<p>Die Motoren heulen auf, die Reifen knirschen auf dem Schotter, und die Vorfreude ist greifbar: <strong>Das Autocross Swiss Racing Team steht in den Startl\u00f6chern f\u00fcr den Saisonauftakt 2026 beim Heimrennen in Hoch-Ybrig.<\/strong> Rund um die <strong>Talstation Weglosen<\/strong> wird es am Wochenende des 09.\/10. Mai 2026 heiss hergehen \u2013 und das Team setzt auf die Unterst\u00fctzung seiner Fans.<\/p>\n\n\n\n<h3 class=\"wp-block-heading\"><strong>Nervosit\u00e4t und Vorfreude im Teamlager<\/strong><\/h3>\n\n\n\n<p>Die Vorbereitungen laufen auf Hochtouren. Teamchef Rolf Strickler, selbst einer der vier Piloten, gibt sich k\u00e4mpferisch: <em>&#8222;Ein Heimrennen ist immer etwas Besonderes. Die Strecke kennen wir, die Fans stehen hinter uns \u2013 da wollen wir nat\u00fcrlich alles geben!&#8220;<\/em> An seiner Seite werden Christian Walder, Thomas K\u00e4lin und Urs Ziegler die Farben des Teams verteidigen. Die vier Fahrer wissen: Der Saisonstart legt den Grundstein f\u00fcr die kommenden Autocross-Monate.<\/p>\n\n\n\n<h3 class=\"wp-block-heading\"><strong>Fans als f\u00fcnfter Mann im Team<\/strong><\/h3>\n\n\n\n<p>Das Swiss Racing Team betont: <em>&#8222;Ohne unsere Fans w\u00e4re es nur halb so sch\u00f6n.&#8220;<\/em> Deshalb der Aufruf: <strong>Kommt an diesem Wochenende zur Talstation Weglosen und erlebt Autocross live!<\/strong> Die Zuschauer k\u00f6nnen sich auf <strong>packende Duelle, spektakul\u00e4re \u00dcberholman\u00f6ver und eine elektrische Atmosph\u00e4re<\/strong> freuen. Ob Familien mit Kindern oder eingefleischte Motorsport-Fans \u2013 hier ist f\u00fcr jeden etwas dabei.<\/p>\n\n\n\n<h3 class=\"wp-block-heading\"><strong>Alle Infos auf einen Blick<\/strong><\/h3>\n\n\n\n<ul class=\"wp-block-list\">\n<li><strong>Mehr Infos:<\/strong> <a href=\"https:\/\/www.autocross-hochybrig.ch\" target=\"_blank\" rel=\"noreferrer noopener\">www.autocross-hochybrig.ch<\/a><\/li>\n\n\n\n<li><strong>Wann?<\/strong> 09. und 10. Mai 2026<\/li>\n\n\n\n<li><strong>Wo?<\/strong> Talstation Weglosen, Hoch-Ybrig<\/li>\n\n\n\n<li><strong>Wer?<\/strong> Autocross Swiss Racing Team mit Rolf Strickler, Christian Walder, Thomas K\u00e4lin und Urs Ziegler<\/li>\n<\/ul>\n\n\n\n<h3 class=\"wp-block-heading\"><strong>Wir z\u00e4hlen auf euch!<\/strong><\/h3>\n\n\n\n<p>Die ganze Mannschaft freut sich auf ein unvergessliches Wochenende \u2013 mit eurer Unterst\u00fctzung wird es ein voller Erfolg. Seid dabei, wenn die Motoren aufheulen und die Reifen den Schotter aufwirbeln. Gemeinsam machen wir Hoch-Ybrig zum Epizentrum des Autocross-Sports! \ud83d\ude09<\/p>\n\n\n\n<p>Euer Autocross Swiss Racing Team<\/p>\n","protected":false},"excerpt":{"rendered":"<p>Die Motoren heulen auf, die Reifen knirschen auf dem Schotter, und die Vorfreude ist greifbar: Das Autocross Swiss Racing Team<\/p>\n","protected":false},"author":3,"featured_media":5245,"comment_status":"closed","ping_status":"closed","sticky":false,"template":"","format":"standard","meta":{"footnotes":""},"categories":[1],"tags":[],"class_list":["post-5365","post","type-post","status-publish","format-standard","has-post-thumbnail","hentry","category-berichte"],"_links":{"self":[{"href":"https:\/\/www.autocrossteam.ch\/index.php?rest_route=\/wp\/v2\/posts\/5365","targetHints":{"allow":["GET"]}}],"collection":[{"href":"https:\/\/www.autocrossteam.ch\/index.php?rest_route=\/wp\/v2\/posts"}],"about":[{"href":"https:\/\/www.autocrossteam.ch\/index.php?rest_route=\/wp\/v2\/types\/post"}],"author":[{"embeddable":true,"href":"https:\/\/www.autocrossteam.ch\/index.php?rest_route=\/wp\/v2\/users\/3"}],"replies":[{"embeddable":true,"href":"https:\/\/www.autocrossteam.ch\/index.php?rest_route=%2Fwp%2Fv2%2Fcomments&post=5365"}],"version-history":[{"count":4,"href":"https:\/\/www.autocrossteam.ch\/index.php?rest_route=\/wp\/v2\/posts\/5365\/revisions"}],"predecessor-version":[{"id":5370,"href":"https:\/\/www.autocrossteam.ch\/index.php?rest_route=\/wp\/v2\/posts\/5365\/revisions\/5370"}],"wp:featuredmedia":[{"embeddable":true,"href":"https:\/\/www.autocrossteam.ch\/index.php?rest_route=\/wp\/v2\/media\/5245"}],"wp:attachment":[{"href":"https:\/\/www.autocrossteam.ch\/index.php?rest_route=%2Fwp%2Fv2%2Fmedia&parent=5365"}],"wp:term":[{"taxonomy":"category","embeddable":true,"href":"https:\/\/www.autocrossteam.ch\/index.php?rest_route=%2Fwp%2Fv2%2Fcategories&post=5365"},{"taxonomy":"post_tag","embeddable":true,"href":"https:\/\/www.autocrossteam.ch\/index.php?rest_route=%2Fwp%2Fv2%2Ftags&post=5365"}],"curies":[{"name":"wp","href":"https:\/\/api.w.org\/{rel}","templated":true}]}}