{"id":5321,"date":"2025-06-30T11:34:05","date_gmt":"2025-06-30T11:34:05","guid":{"rendered":"https:\/\/www.autocrossteam.ch\/?p=5321"},"modified":"2025-06-30T11:34:05","modified_gmt":"2025-06-30T11:34:05","slug":"3-nationen-cup-in-bure-ch-3","status":"publish","type":"post","link":"https:\/\/www.autocrossteam.ch\/?p=5321","title":{"rendered":"3 Nationen Cup in Bure (CH)"},"content":{"rendered":"\n<p>Drei Piloten des Auto-Cross Swiss Racing Teams gingen an den Start in Bure. Thomas K\u00e4lin wollte mit seinem Suzuki Swift GTi ins Renngeschehen eingreifen. Rolf Strickler ging mit seinem Crosskart auf Punktejagd und Urs Ziegler wollte in der Spezklasse seine Gegner \u00e4rgern. Christian Walder unterst\u00fctzte seine Tochter als Mechaniker, Rennstratege und Mentaltrainer in der Box.<\/p>\n\n\n\n<p>Das Wochenende begann f\u00fcr Thomas K\u00e4lin bereits mit einer langen Nachschicht. Er und sein Team mussten das Getriebe ersetzen, damit am Samstag der Rennbolide auch bereit war. Am Samstag konnte bei besten Pistenverh\u00e4ltnissen, Sonnenschein und 30 Grad im Schatten das Rennwochenende er\u00f6ffnet werden. Im Zeittraining galt es f\u00fcr alle drei Fahrer sich an die Piste zu gew\u00f6hnen und sich mit guten Ergebnissen einen Startplatz in den vorderen Reihen zu sichern. Alle drei Piloten konnten sich im Mittelfeld etablieren.<\/p>\n\n\n\n<p>Mit seinem siebten Rang aus dem Zeittraining konnte Rolf Strickler den Grundstein legen, um im Feld A an den Start zu gehen. Er pilotierte seinen Crosskart als Vierter \u00fcber die Ziellinie im ersten Rennlauf. Urs Ziegler erwischte einen guten Start in den ersten Lauf. Leider wirbelte eine Karambolage in der Spitzkehre das Fahrerfeld durcheinander und er musste sich mit dem 11 Rang begn\u00fcgen. Noch schlimmer erwischte es Thomas K\u00e4lin. Die Sicht nach dem Start war durch den Staub so beeintr\u00e4chtigt, dass er zu nah an den Pistenrand kam und sich der Suzuki Swift \u00fcberschlug. Thomas kam mit dem Schrecken davon, konnte aber keine Punkte einfahren.<\/p>\n\n\n\n<p>F\u00fcr den zweiten Renndurchgang hat sich Thomas K\u00e4lin nat\u00fcrlich mehr vorgenommen. Er zeigte einen super Start und konnte einige Pl\u00e4tze gut machen. Ein Dreher warf ihn dann wieder zur\u00fcck und schlussendlich f\u00fchrte ein Stromunterbruch an der Z\u00fcndung zum erneuten Ausfall. Rolf Strickler und Urs Ziegler zeigten in ihren L\u00e4ufen eine gute Leistung und verbesserten sich beide im Klassement. Ziegler fuhr auf den 9 Platz und Strickler sicherte sich im zweiten Rennlauf mit dem dritten Platz einen guten Startplatz im Finallauf.<\/p>\n\n\n\n<p>Den letzten Rennlauf nahm Thomas K\u00e4lin vom letzten Startplatz in Angriff. F\u00fcr ihn galt es, noch einen vers\u00f6hnlichen Abschluss mit der Piste in Bure zu haben. Der 13 Schlussrang war r\u00fcckblickend eine leichte Vers\u00f6hnung. In der Kategorie der Crosskarts legte man f\u00fcr den Finallauf alle 24 Fahrer zusammen. Rolf Strickler konnte auf dem Rundkurs einige Angriffe abwehren und auch selber Pl\u00e4tze gewinnen. Schlussendlich \u00fcberquerte er als Vierter die Ziellinie und blickt auf ein gutes Wochenende zur\u00fcck. Urs Ziegler konnte in seiner Kategorie im Mittelfeld mithalten und holte ein paar Punkte in der 3 Nationen Cup Wertung.<\/p>\n","protected":false},"excerpt":{"rendered":"<p>Drei Piloten des Auto-Cross Swiss Racing Teams gingen an den Start in Bure. Thomas K\u00e4lin wollte mit seinem Suzuki Swift<\/p>\n","protected":false},"author":3,"featured_media":5322,"comment_status":"closed","ping_status":"closed","sticky":false,"template":"","format":"standard","meta":{"footnotes":""},"categories":[1],"tags":[],"class_list":["post-5321","post","type-post","status-publish","format-standard","has-post-thumbnail","hentry","category-berichte"],"_links":{"self":[{"href":"https:\/\/www.autocrossteam.ch\/index.php?rest_route=\/wp\/v2\/posts\/5321","targetHints":{"allow":["GET"]}}],"collection":[{"href":"https:\/\/www.autocrossteam.ch\/index.php?rest_route=\/wp\/v2\/posts"}],"about":[{"href":"https:\/\/www.autocrossteam.ch\/index.php?rest_route=\/wp\/v2\/types\/post"}],"author":[{"embeddable":true,"href":"https:\/\/www.autocrossteam.ch\/index.php?rest_route=\/wp\/v2\/users\/3"}],"replies":[{"embeddable":true,"href":"https:\/\/www.autocrossteam.ch\/index.php?rest_route=%2Fwp%2Fv2%2Fcomments&post=5321"}],"version-history":[{"count":1,"href":"https:\/\/www.autocrossteam.ch\/index.php?rest_route=\/wp\/v2\/posts\/5321\/revisions"}],"predecessor-version":[{"id":5323,"href":"https:\/\/www.autocrossteam.ch\/index.php?rest_route=\/wp\/v2\/posts\/5321\/revisions\/5323"}],"wp:featuredmedia":[{"embeddable":true,"href":"https:\/\/www.autocrossteam.ch\/index.php?rest_route=\/wp\/v2\/media\/5322"}],"wp:attachment":[{"href":"https:\/\/www.autocrossteam.ch\/index.php?rest_route=%2Fwp%2Fv2%2Fmedia&parent=5321"}],"wp:term":[{"taxonomy":"category","embeddable":true,"href":"https:\/\/www.autocrossteam.ch\/index.php?rest_route=%2Fwp%2Fv2%2Fcategories&post=5321"},{"taxonomy":"post_tag","embeddable":true,"href":"https:\/\/www.autocrossteam.ch\/index.php?rest_route=%2Fwp%2Fv2%2Ftags&post=5321"}],"curies":[{"name":"wp","href":"https:\/\/api.w.org\/{rel}","templated":true}]}}