{"id":5301,"date":"2025-04-27T09:33:08","date_gmt":"2025-04-27T09:33:08","guid":{"rendered":"https:\/\/www.autocrossteam.ch\/?p=5301"},"modified":"2025-04-27T09:33:08","modified_gmt":"2025-04-27T09:33:08","slug":"spezieller-saisonauftakt-in-maggiora-i","status":"publish","type":"post","link":"https:\/\/www.autocrossteam.ch\/?p=5301","title":{"rendered":"Spezieller Saisonauftakt in Maggiora (I)"},"content":{"rendered":"\n<p>Am Osterwochenende reiste das Auto-Cross Swiss Racing Team nach Maggiora (I) an den Saisonstart. Wie gewohnt war die Stimmung etwas angespannt, da die Fahrer eine l\u00e4ngere Pause hatten und man immer etwas unsicher ist, wie das Rennmaterial die Winterpause \u00fcberstanden hat.<\/p>\n\n\n\n<p>Auf Grund der Witterungsbedingungen war die Piste ziemlich aufgeweicht und durchn\u00e4sst. Somit war das samst\u00e4gliche Zeittraining eine matschige Angelegenheit. Thomas K\u00e4lin startete auch sehr verhalten und reihte sich bei 21 Fahrern auf Platz 16 ein. Auch die Rundenzeiten von Rolf Strickler zeugten mehr von einem Einfahren, als von einem Angriff auf die Toppl\u00e4tze. Er musste sich mit Platz 15 von 27 begn\u00fcgen. <\/p>\n\n\n\n<p>Der Sonntag viel buchst\u00e4blich dem Wetter zum Opfer. Starke Regenf\u00e4lle setzten die Piste, wie auch das Fahrerlager unter Wasser. Die Rennl\u00e4ufe wurden immer wieder verschoben und schlussendlich abgebrochen. Die Rennleitung hat entschieden, dass alle Rennl\u00e4ufe am Montag durchgef\u00fchrt werden sollen.<\/p>\n\n\n\n<figure class=\"wp-block-video\"><video height=\"480\" style=\"aspect-ratio: 848 \/ 480;\" width=\"848\" controls src=\"https:\/\/www.autocrossteam.ch\/wordpress\/wp-content\/uploads\/2025\/04\/video_maggiora.mp4\"><\/video><\/figure>\n\n\n\n<p>Am Ostermontag wurde die Piste trocken und die Piloten konnten mehr zeigen. Rolf Strickler zeigte in seinem Fahrerfeld C eine gute Leistung und schoss mit seinem Buggy als Dritter \u00fcber die Ziellinie. Auch Thomas K\u00e4lin pilotierte seinen Suzuki Swift GTi gekonnt durch den kurvigen Rundkurs und belegte nach dem ersten Lauf ebenfalls den 3 Platz in seiner Fahrergruppe A. Da einige Rennl\u00e4ufe am Montag auf dem Programm standen, ging es auch eng getaktet weiter. Im zweiten Durchgang musste Thomas K\u00e4lin im Feld C vier Fahrern den Vortritt lassen und klassierte sich als F\u00fcnfter. Besser ging es Rolf Strickler im Buggy-Feld A. Er liess alle Kontrahenten hinter sich und fuhr als Erster \u00fcber die Ziellinie.<\/p>\n\n\n\n<p>Doch nach zwei Rennl\u00e4ufen war dann in Italien f\u00fcr alle Schluss. S\u00e4mtliche Sportveranstaltungen wurden abgesagt bzw. eingestellt, da der Papst seinen letzten Atemzug machte und seine n\u00e4chste Reise antrat. Somit hiess es f\u00fcr alle Rennst\u00e4lle Material zusammenr\u00e4umen und die Heimreise antreten. Thomas K\u00e4lin wurde im verk\u00fcrzten Rennen in der Endabrechnung als 11 gef\u00fchrt, Rolf Strickler belegte den vierten Rang.<\/p>\n\n\n\n<p>Das n\u00e4chste Rennwochenende wird dann im Hoch Ybrig im Mai stattfinden.<\/p>\n","protected":false},"excerpt":{"rendered":"<p>Am Osterwochenende reiste das Auto-Cross Swiss Racing Team nach Maggiora (I) an den Saisonstart. Wie gewohnt war die Stimmung etwas<\/p>\n","protected":false},"author":3,"featured_media":5304,"comment_status":"closed","ping_status":"closed","sticky":false,"template":"","format":"standard","meta":{"footnotes":""},"categories":[1],"tags":[],"class_list":["post-5301","post","type-post","status-publish","format-standard","has-post-thumbnail","hentry","category-berichte"],"_links":{"self":[{"href":"https:\/\/www.autocrossteam.ch\/index.php?rest_route=\/wp\/v2\/posts\/5301","targetHints":{"allow":["GET"]}}],"collection":[{"href":"https:\/\/www.autocrossteam.ch\/index.php?rest_route=\/wp\/v2\/posts"}],"about":[{"href":"https:\/\/www.autocrossteam.ch\/index.php?rest_route=\/wp\/v2\/types\/post"}],"author":[{"embeddable":true,"href":"https:\/\/www.autocrossteam.ch\/index.php?rest_route=\/wp\/v2\/users\/3"}],"replies":[{"embeddable":true,"href":"https:\/\/www.autocrossteam.ch\/index.php?rest_route=%2Fwp%2Fv2%2Fcomments&post=5301"}],"version-history":[{"count":1,"href":"https:\/\/www.autocrossteam.ch\/index.php?rest_route=\/wp\/v2\/posts\/5301\/revisions"}],"predecessor-version":[{"id":5305,"href":"https:\/\/www.autocrossteam.ch\/index.php?rest_route=\/wp\/v2\/posts\/5301\/revisions\/5305"}],"wp:featuredmedia":[{"embeddable":true,"href":"https:\/\/www.autocrossteam.ch\/index.php?rest_route=\/wp\/v2\/media\/5304"}],"wp:attachment":[{"href":"https:\/\/www.autocrossteam.ch\/index.php?rest_route=%2Fwp%2Fv2%2Fmedia&parent=5301"}],"wp:term":[{"taxonomy":"category","embeddable":true,"href":"https:\/\/www.autocrossteam.ch\/index.php?rest_route=%2Fwp%2Fv2%2Fcategories&post=5301"},{"taxonomy":"post_tag","embeddable":true,"href":"https:\/\/www.autocrossteam.ch\/index.php?rest_route=%2Fwp%2Fv2%2Ftags&post=5301"}],"curies":[{"name":"wp","href":"https:\/\/api.w.org\/{rel}","templated":true}]}}