{"id":5256,"date":"2024-05-13T19:41:47","date_gmt":"2024-05-13T19:41:47","guid":{"rendered":"https:\/\/www.autocrossteam.ch\/?p=5256"},"modified":"2024-05-13T19:58:19","modified_gmt":"2024-05-13T19:58:19","slug":"rueckblick-hoch-ybrig-ch","status":"publish","type":"post","link":"https:\/\/www.autocrossteam.ch\/?p=5256","title":{"rendered":"R\u00fcckblick Hoch Ybrig (CH)"},"content":{"rendered":"\n<p>Da man auf Grund der schlechten Witterung in Maggiora (I) keine Rennen durchf\u00fchren konnte, mussten die Autocross-Piloten sich in Geduld \u00fcben. Mitte Mai wurde nun die Schweizer Autocross-Saison offiziell er\u00f6ffnet.<\/p>\n\n\n<div class=\"wp-block-image\">\n<figure class=\"alignright size-medium\"><a href=\"https:\/\/www.autocrossteam.ch\/wordpress\/wp-content\/uploads\/2024\/05\/WhatsApp-Bild-2024-05-13-um-07.41.56_b1c70e8e.jpg\"><img loading=\"lazy\" decoding=\"async\" width=\"203\" height=\"300\" src=\"https:\/\/www.autocrossteam.ch\/wordpress\/wp-content\/uploads\/2024\/05\/WhatsApp-Bild-2024-05-13-um-07.41.56_b1c70e8e-203x300.jpg\" alt=\"\" class=\"wp-image-5233\" srcset=\"https:\/\/www.autocrossteam.ch\/wordpress\/wp-content\/uploads\/2024\/05\/WhatsApp-Bild-2024-05-13-um-07.41.56_b1c70e8e-203x300.jpg 203w, https:\/\/www.autocrossteam.ch\/wordpress\/wp-content\/uploads\/2024\/05\/WhatsApp-Bild-2024-05-13-um-07.41.56_b1c70e8e-691x1024.jpg 691w, https:\/\/www.autocrossteam.ch\/wordpress\/wp-content\/uploads\/2024\/05\/WhatsApp-Bild-2024-05-13-um-07.41.56_b1c70e8e-768x1138.jpg 768w, https:\/\/www.autocrossteam.ch\/wordpress\/wp-content\/uploads\/2024\/05\/WhatsApp-Bild-2024-05-13-um-07.41.56_b1c70e8e-1037x1536.jpg 1037w, https:\/\/www.autocrossteam.ch\/wordpress\/wp-content\/uploads\/2024\/05\/WhatsApp-Bild-2024-05-13-um-07.41.56_b1c70e8e.jpg 1080w\" sizes=\"auto, (max-width: 203px) 100vw, 203px\" \/><\/a><\/figure>\n<\/div>\n\n\n<p>Der tempor\u00e4re Kurs rund um die Hoch Ybrig Talstation Weglosen lockt j\u00e4hrlich viele Zuschauer ins enge Tal bei Unteriberg. Die Strecke ist vom Parkhaus, wie auch von der steilen &#8222;Besucher-Wiese&#8220; fast g\u00e4nzlich einsehbar und das Fahrerlager in der Mitte lockt zum Staunen und Fachsimpeln ein.<\/p>\n\n\n\n<p>Nach dem ersten Renntag am 11. Mai 2024 zogen die drei Piloten des Autocross Teams eine gute Bilanz.<br>Thomas K\u00e4lin klassierte sich in seiner Klasse auf Rang sieben. Rolf Strickler \u00fcberquerte im ersten Lauf der Gruppe B als Dritter die Ziellinie und Urs Ziegler sicherte sich in seiner Gruppen den ersten Zwischenrang.<\/p>\n\n\n\n<p>Im gemischten GP Hoch Ybrig d\u00fcste Rolf Strickler als Zehnter \u00fcber die Ziellinie. Eine kuriosen Ausfall hatte Urs Ziegler zu beklagen, so passte pl\u00f6tzlich eine Bereifung nicht mehr so optimal und zwang ihn zur Aufgabe (siehe \ud83c\udfa5). Thomas K\u00e4lin trat bei diesem Format nicht an, ebenso fehlte Christian Walder das gesamte Rennwochenende.<\/p>\n\n\n\n<figure class=\"wp-block-video\"><video height=\"480\" style=\"aspect-ratio: 848 \/ 480;\" width=\"848\" controls src=\"https:\/\/www.autocrossteam.ch\/wordpress\/wp-content\/uploads\/2024\/05\/WhatsApp-Video-2024-05-11-um-21.40.57_61b2d407-1.mp4\"><\/video><\/figure>\n\n\n\n<p>Nicht nur das Wetter zauberte den M\u00fcttern am Pistenrand ein L\u00e4cheln ins Gesicht, auch die Piloten lieferten sich tolle Zweik\u00e4mpfe in den Rennl\u00e4ufen und boten den Zuschauern Rennspektakel pur. Seinen Suzuki Swift GTi steuerte Thomas K\u00e4lin im zweiten Rennlauf als Neunter \u00fcber die Ziellinie und festigte seinen Platz in den Top10. Auch Rolf Strickler zeigte in seinen Runden seine Fahrk\u00fcnste und beendete den zweiten Renndurchgang in seiner Gruppe als Vierter. Noch besser fuhr Urs Ziegler seine Runden. Er dominierte sein Fahrerfeld in Durchgang zwei und platzierte sich an der Tabellenspitze im Zwischenklassement.<\/p>\n\n\n\n<p>Im Finallauf konnte Thomas K\u00e4lin keinen Exploit erreichen und reihte sich als Siebter in der Schlussabrechnung unter den Top10 Fahrer ein. F\u00fcr den dritten Durchgang in der Buggy-Klasse wurden die Fahrerfelder aus den Vorl\u00e4ufen zusammengelegt. Rolf Strickler d\u00fcste auf dem sechsten Startplatz los und konnte diesen auf dem anspruchsvollen Kurs behaupten. Auch er hat sich im Gesamtklassement in den Top10 platziert und einen soliden Saisonauftakt gefeiert. Urs Ziegler zeigte im finalen Durchgang, dass er eine sehr schnelle Reaktionszeit am Start hat. So konnte er seine zweite Startposition nutzen und das Fahrerfeld lange als Erster in Schach halten. Leider musste er in der letzten Runde sich geschlagen geben und einen Kontrahenten vorbeiziehen lassen. Mit seinem zweiten Platz im Finallauf sicherte er sich auch den zweiten Podestplatz und blickt auf &#8222;ein geiles Wochenende&#8220; zur\u00fcck und einige Impressionen bieten wir auch hier (<a href=\"https:\/\/www.autocrossteam.ch\/?page_id=5129\" data-type=\"link\" data-id=\"https:\/\/www.autocrossteam.ch\/?page_id=5129\" target=\"_blank\" rel=\"noreferrer noopener\">Foto Hoch Ybrig 2024<\/a>).<\/p>\n\n\n\n<p>Bereits am kommenden Wochenende stehen Thomas K\u00e4lin und Rolf Strickler im 3 Nationen Cup in Pfeffelbach (D) wieder am Start.<\/p>\n","protected":false},"excerpt":{"rendered":"<p>Da man auf Grund der schlechten Witterung in Maggiora (I) keine Rennen durchf\u00fchren konnte, mussten die Autocross-Piloten sich in Geduld<\/p>\n","protected":false},"author":3,"featured_media":5246,"comment_status":"closed","ping_status":"closed","sticky":false,"template":"","format":"standard","meta":{"footnotes":""},"categories":[1],"tags":[],"class_list":["post-5256","post","type-post","status-publish","format-standard","has-post-thumbnail","hentry","category-berichte"],"_links":{"self":[{"href":"https:\/\/www.autocrossteam.ch\/index.php?rest_route=\/wp\/v2\/posts\/5256","targetHints":{"allow":["GET"]}}],"collection":[{"href":"https:\/\/www.autocrossteam.ch\/index.php?rest_route=\/wp\/v2\/posts"}],"about":[{"href":"https:\/\/www.autocrossteam.ch\/index.php?rest_route=\/wp\/v2\/types\/post"}],"author":[{"embeddable":true,"href":"https:\/\/www.autocrossteam.ch\/index.php?rest_route=\/wp\/v2\/users\/3"}],"replies":[{"embeddable":true,"href":"https:\/\/www.autocrossteam.ch\/index.php?rest_route=%2Fwp%2Fv2%2Fcomments&post=5256"}],"version-history":[{"count":1,"href":"https:\/\/www.autocrossteam.ch\/index.php?rest_route=\/wp\/v2\/posts\/5256\/revisions"}],"predecessor-version":[{"id":5258,"href":"https:\/\/www.autocrossteam.ch\/index.php?rest_route=\/wp\/v2\/posts\/5256\/revisions\/5258"}],"wp:featuredmedia":[{"embeddable":true,"href":"https:\/\/www.autocrossteam.ch\/index.php?rest_route=\/wp\/v2\/media\/5246"}],"wp:attachment":[{"href":"https:\/\/www.autocrossteam.ch\/index.php?rest_route=%2Fwp%2Fv2%2Fmedia&parent=5256"}],"wp:term":[{"taxonomy":"category","embeddable":true,"href":"https:\/\/www.autocrossteam.ch\/index.php?rest_route=%2Fwp%2Fv2%2Fcategories&post=5256"},{"taxonomy":"post_tag","embeddable":true,"href":"https:\/\/www.autocrossteam.ch\/index.php?rest_route=%2Fwp%2Fv2%2Ftags&post=5256"}],"curies":[{"name":"wp","href":"https:\/\/api.w.org\/{rel}","templated":true}]}}