{"id":4792,"date":"2019-06-12T20:46:45","date_gmt":"2019-06-12T20:46:45","guid":{"rendered":"https:\/\/www.autocrossteam.ch\/?p=4792"},"modified":"2019-09-15T14:13:46","modified_gmt":"2019-09-15T14:13:46","slug":"rueckblick-pfeffelbach-d","status":"publish","type":"post","link":"https:\/\/www.autocrossteam.ch\/?p=4792","title":{"rendered":"3 Nationen Cup in Pfeffelbach (D)"},"content":{"rendered":"\n<div class=\"wp-block-image\"><figure class=\"alignleft\"><img loading=\"lazy\" decoding=\"async\" width=\"300\" height=\"200\" src=\"https:\/\/www.autocrossteam.ch\/wordpress\/wp-content\/uploads\/2019\/06\/62526295_335109837164866_2099166786338422784_n-300x200.jpg\" alt=\"\" class=\"wp-image-4780\" srcset=\"https:\/\/www.autocrossteam.ch\/wordpress\/wp-content\/uploads\/2019\/06\/62526295_335109837164866_2099166786338422784_n-300x200.jpg 300w, https:\/\/www.autocrossteam.ch\/wordpress\/wp-content\/uploads\/2019\/06\/62526295_335109837164866_2099166786338422784_n-768x512.jpg 768w, https:\/\/www.autocrossteam.ch\/wordpress\/wp-content\/uploads\/2019\/06\/62526295_335109837164866_2099166786338422784_n-1024x683.jpg 1024w, https:\/\/www.autocrossteam.ch\/wordpress\/wp-content\/uploads\/2019\/06\/62526295_335109837164866_2099166786338422784_n-120x80.jpg 120w, https:\/\/www.autocrossteam.ch\/wordpress\/wp-content\/uploads\/2019\/06\/62526295_335109837164866_2099166786338422784_n.jpg 1086w\" sizes=\"auto, (max-width: 300px) 100vw, 300px\" \/><\/figure><\/div>\n\n\n\n<p>Am Pfingstwochenende reisten Thomas K\u00e4lin und Rolf Strickler nach Pfeffelbach (D) an den 3 Nationen Cup. Beide Piloten haben sich und ihre Suzuki Swift GTi gut vorbereitet. Bereits im Zeitfahren zeigte Rolf Strickler mit der zweitbesten Zeit, dass er in Pfeffelbach ein Favorit f\u00fcr das Treppchen ist. Thomas K\u00e4lin hingegen haderte mit der Strecke und der Konkurrenz und musste sich mit dem hinteren Teil des Feldes zufrieden geben.<\/p>\n\n\n\n<div class=\"wp-block-image\"><figure class=\"alignright\"><img loading=\"lazy\" decoding=\"async\" width=\"300\" height=\"200\" src=\"https:\/\/www.autocrossteam.ch\/wordpress\/wp-content\/uploads\/2019\/06\/64061937_2449084115319734_2877752092615770112_n-300x200.jpg\" alt=\"\" class=\"wp-image-4786\" srcset=\"https:\/\/www.autocrossteam.ch\/wordpress\/wp-content\/uploads\/2019\/06\/64061937_2449084115319734_2877752092615770112_n-300x200.jpg 300w, https:\/\/www.autocrossteam.ch\/wordpress\/wp-content\/uploads\/2019\/06\/64061937_2449084115319734_2877752092615770112_n-768x512.jpg 768w, https:\/\/www.autocrossteam.ch\/wordpress\/wp-content\/uploads\/2019\/06\/64061937_2449084115319734_2877752092615770112_n-1024x683.jpg 1024w, https:\/\/www.autocrossteam.ch\/wordpress\/wp-content\/uploads\/2019\/06\/64061937_2449084115319734_2877752092615770112_n-120x80.jpg 120w, https:\/\/www.autocrossteam.ch\/wordpress\/wp-content\/uploads\/2019\/06\/64061937_2449084115319734_2877752092615770112_n.jpg 1086w\" sizes=\"auto, (max-width: 300px) 100vw, 300px\" \/><\/figure><\/div>\n\n\n\n<p>In den weiteren L\u00e4ufen lieferte Rolf Strickler sich mit der Konkurrenz packende Duelle und belegte nach  den ersten zwei Durchg\u00e4ngen den zweiten Zwischenrang. Thomas K\u00e4lin hingegen kam nicht wirklich auf Touren und konnte im anspruchsvollen Kurs nur schwer Pl\u00e4tze gut machen.<\/p>\n\n\n\n<p>Den finalen Durchgang widerspiegelte leider nicht die Leistung von Rolf Strickler \u00fcber das gesamte Rennwochenende. So belegte er am Schluss den undankbaren vierten Rang und musste neben dem Treppchen die Siegerehrung \u00fcber sich ergehen lassen. F\u00fcr Thomas K\u00e4lin war im dritten Lauf Schluss, da dieAntriebswelle des Suzuki Swift GTi sich unter lautem Get\u00f6se w\u00e4hrend des Rennes verabschiedete und Thomas schlussendlich von der Strecke geschoben werden musste.<\/p>\n\n\n\n<figure class=\"wp-block-image\"><img loading=\"lazy\" decoding=\"async\" width=\"1024\" height=\"683\" src=\"https:\/\/www.autocrossteam.ch\/wordpress\/wp-content\/uploads\/2019\/06\/64294738_2294230627365257_4228731130699841536_n-1024x683.jpg\" alt=\"\" class=\"wp-image-4790\" srcset=\"https:\/\/www.autocrossteam.ch\/wordpress\/wp-content\/uploads\/2019\/06\/64294738_2294230627365257_4228731130699841536_n-1024x683.jpg 1024w, https:\/\/www.autocrossteam.ch\/wordpress\/wp-content\/uploads\/2019\/06\/64294738_2294230627365257_4228731130699841536_n-300x200.jpg 300w, https:\/\/www.autocrossteam.ch\/wordpress\/wp-content\/uploads\/2019\/06\/64294738_2294230627365257_4228731130699841536_n-768x512.jpg 768w, https:\/\/www.autocrossteam.ch\/wordpress\/wp-content\/uploads\/2019\/06\/64294738_2294230627365257_4228731130699841536_n-120x80.jpg 120w, https:\/\/www.autocrossteam.ch\/wordpress\/wp-content\/uploads\/2019\/06\/64294738_2294230627365257_4228731130699841536_n.jpg 1086w\" sizes=\"auto, (max-width: 1024px) 100vw, 1024px\" \/><\/figure>\n\n\n\n<p>Beide Piloten hoffen, dass sie in der n\u00e4chsten Austragung des 3 Nationen Cup&#8217;s mehr auf Fortuna z\u00e4hlen k\u00f6nnen und dann auf dem Treppchen, statt daneben stehen d\u00fcrfen.<\/p>\n","protected":false},"excerpt":{"rendered":"<p>Am Pfingstwochenende reisten Thomas K\u00e4lin und Rolf Strickler nach Pfeffelbach (D) an den 3 Nationen Cup. Beide Piloten haben sich und ihre Suzuki Swift GTi gut vorbereitet. Bereits im Zeitfahren zeigte Rolf Strickler mit der zweitbesten Zeit, dass er in Pfeffelbach ein Favorit f\u00fcr das Treppchen ist.<\/p>\n","protected":false},"author":3,"featured_media":4781,"comment_status":"closed","ping_status":"closed","sticky":false,"template":"","format":"standard","meta":{"footnotes":""},"categories":[1],"tags":[],"class_list":["post-4792","post","type-post","status-publish","format-standard","has-post-thumbnail","hentry","category-berichte"],"_links":{"self":[{"href":"https:\/\/www.autocrossteam.ch\/index.php?rest_route=\/wp\/v2\/posts\/4792","targetHints":{"allow":["GET"]}}],"collection":[{"href":"https:\/\/www.autocrossteam.ch\/index.php?rest_route=\/wp\/v2\/posts"}],"about":[{"href":"https:\/\/www.autocrossteam.ch\/index.php?rest_route=\/wp\/v2\/types\/post"}],"author":[{"embeddable":true,"href":"https:\/\/www.autocrossteam.ch\/index.php?rest_route=\/wp\/v2\/users\/3"}],"replies":[{"embeddable":true,"href":"https:\/\/www.autocrossteam.ch\/index.php?rest_route=%2Fwp%2Fv2%2Fcomments&post=4792"}],"version-history":[{"count":3,"href":"https:\/\/www.autocrossteam.ch\/index.php?rest_route=\/wp\/v2\/posts\/4792\/revisions"}],"predecessor-version":[{"id":4839,"href":"https:\/\/www.autocrossteam.ch\/index.php?rest_route=\/wp\/v2\/posts\/4792\/revisions\/4839"}],"wp:featuredmedia":[{"embeddable":true,"href":"https:\/\/www.autocrossteam.ch\/index.php?rest_route=\/wp\/v2\/media\/4781"}],"wp:attachment":[{"href":"https:\/\/www.autocrossteam.ch\/index.php?rest_route=%2Fwp%2Fv2%2Fmedia&parent=4792"}],"wp:term":[{"taxonomy":"category","embeddable":true,"href":"https:\/\/www.autocrossteam.ch\/index.php?rest_route=%2Fwp%2Fv2%2Fcategories&post=4792"},{"taxonomy":"post_tag","embeddable":true,"href":"https:\/\/www.autocrossteam.ch\/index.php?rest_route=%2Fwp%2Fv2%2Ftags&post=4792"}],"curies":[{"name":"wp","href":"https:\/\/api.w.org\/{rel}","templated":true}]}}